{"id":2976,"date":"2021-04-14T10:52:52","date_gmt":"2021-04-14T08:52:52","guid":{"rendered":"https:\/\/farmaquimicasur.com\/?p=2976"},"modified":"2025-03-04T17:14:16","modified_gmt":"2025-03-04T16:14:16","slug":"especial-rinitis-alergica","status":"publish","type":"post","link":"https:\/\/farmaquimicasur.com\/en\/especial-rinitis-alergica\/","title":{"rendered":"Especial rinitis al\u00e9rgica"},"content":{"rendered":"<p>\u00a0<\/p>\n<p>\u00a0<\/p>\n\n\n<\/p>\n<ul>\n<li><strong>\u00bfQu\u00e9 es?<\/strong><\/li>\n<\/ul>\n<p>\n\n\n<\/p>\n<p>\n\n\n<\/p>\n<p>Este tipo de alergia ha experimentado un incremento en su prevalencia en los \u00faltimos a\u00f1os, y se estima que actualmente afecta al 10-30% de la poblaci\u00f3n.<\/p>\n<p>\n\n\n<\/p>\n<p>\n\n\n<\/p>\n<p>La rinitis al\u00e9rgica es un <strong>proceso inflamatorio de las v\u00edas respiratorias altas<\/strong>, caracterizada por prurito nasal, estornudos, rinorrea y obstrucci\u00f3n nasal. Los s\u00edntomas se producen por una reacci\u00f3n de hipersensibilidad inmediata (tipo 1) a diversos al\u00e9rgenos (plantas, polvo). La reacci\u00f3n est\u00e1 mediada por <strong>inmunoglobulinas E (IgE)<\/strong>.<\/p>\n<p>\n\n\n<\/p>\n<p>\n\n\n<\/p>\n<p>Normalmente se distinguen dos tipos de rinitis al\u00e9rgica:<\/p>\n<p>\n\n\n<\/p>\n<p>\n\n\n<\/p>\n<p><strong style=\"color: var( --e-global-color-text ); font-family: var( --e-global-typography-text-font-family ), Sans-serif;\">Rinitis estacional:<\/strong> los s\u00edntomas solo se presentan durante \u00e9pocas del a\u00f1o espec\u00edficas.<br \/><strong style=\"color: var( --e-global-color-text ); font-family: var( --e-global-typography-text-font-family ), Sans-serif;\">Rinitis perenne: <\/strong>se pueden manifestar s\u00edntomas durante todo el a\u00f1o. Puede ocurrir que los s\u00edntomas se vean exacerbados en determinadas \u00e9pocas.<\/p>\n<p>\n\n\n<\/p>\n<h4>S\u00edntomas<\/h4>\n<ul>\n<li>\n\t\t\t\t\t\t\t\t\t\tCongesti\u00f3n nasal\n\t\t\t\t\t\t\t\t\t<\/li>\n<li>\n\t\t\t\t\t\t\t\t\t\tSecreci\u00f3n abundante acuosa\n\t\t\t\t\t\t\t\t\t<\/li>\n<li>\n\t\t\t\t\t\t\t\t\t\tPicor en la nariz, pero tambi\u00e9n en los ojos, o\u00eddos y garganta.\n\t\t\t\t\t\t\t\t\t<\/li>\n<li>\n\t\t\t\t\t\t\t\t\t\tEstornudos frecuentes.\n\t\t\t\t\t\t\t\t\t<\/li>\n<li>\n\t\t\t\t\t\t\t\t\t\tAnosmia o hiposmia\n\t\t\t\t\t\t\t\t\t<\/li>\n<li>\n\t\t\t\t\t\t\t\t\t\tLagrimeo y ojos enrojecidos.\n\t\t\t\t\t\t\t\t\t<\/li>\n<\/ul>\n<p>La\u00a0<strong>histamina\u00a0<\/strong>es el principal mediador de la inflamaci\u00f3n en la rinitis al\u00e9rgica. Es liberada por los mastocitos en la fase de respuesta inmediata de la inflamaci\u00f3n y por bas\u00f3filos en la fase de respuesta retardada. Cuando la histamina se une a los receptores H1 tiene varias consecuencias, como un aumento de la vasodilataci\u00f3n, la permeabilidad capilar y la contracci\u00f3n del m\u00fasculo liso que se manifiesta con inflamaci\u00f3n y abundantes secreciones nasales.<\/p>\n<p>Por ello, los tratamientos m\u00e1s usuales se basan en compuestos antihistam\u00ednicos. Sin embargo, como suplementaci\u00f3n a estos tratamientos tambi\u00e9n existe una variedad de suplementos naturales que pueden ejercer un efecto beneficioso para paliar los s\u00edntomas de la rinitis al\u00e9rgica o reducir los niveles de histamina.<\/p>\n<p style=\"text-align: right;\"><em>M\u00e1s informaci\u00f3n sobre la rinitis <a href=\"https:\/\/farmaquimicasur.com\/wp-content\/uploads\/2021\/04\/ESPECIALRINITIS-MODIFICADO.pdf\"><strong>aqu\u00ed<\/strong><\/a><\/em><\/p>","protected":false},"excerpt":{"rendered":"<p>\u00a0 \u00a0 \u00bfQu\u00e9 es? Este tipo de alergia ha experimentado un incremento en su prevalencia en los \u00faltimos a\u00f1os, y se estima que actualmente afecta al 10-30% de la poblaci\u00f3n. La rinitis al\u00e9rgica es un proceso inflamatorio de las v\u00edas respiratorias altas, caracterizada por prurito nasal, estornudos, rinorrea y obstrucci\u00f3n nasal. Los s\u00edntomas se producen [&hellip;]<\/p>\n","protected":false},"author":8,"featured_media":2995,"comment_status":"open","ping_status":"open","sticky":false,"template":"","format":"standard","meta":{"footnotes":""},"categories":[1],"tags":[],"class_list":["post-2976","post","type-post","status-publish","format-standard","has-post-thumbnail","hentry","category-articulos"],"yoast_head":"<!-- This site is optimized with the Yoast SEO plugin v24.6 - https:\/\/yoast.com\/wordpress\/plugins\/seo\/ -->\n<title>Especial rinitis al\u00e9rgica - FarmaQu\u00edmicaSur - FQS<\/title>\n<meta name=\"robots\" content=\"index, follow, max-snippet:-1, max-image-preview:large, max-video-preview:-1\" \/>\n<link rel=\"canonical\" href=\"https:\/\/farmaquimicasur.com\/especial-rinitis-alergica\/\" \/>\n<meta property=\"og:locale\" content=\"en_US\" \/>\n<meta property=\"og:type\" content=\"article\" \/>\n<meta property=\"og:title\" content=\"Especial rinitis al\u00e9rgica - FarmaQu\u00edmicaSur - FQS\" \/>\n<meta property=\"og:description\" content=\"\u00a0 \u00a0 \u00bfQu\u00e9 es? Este tipo de alergia ha experimentado un incremento en su prevalencia en los \u00faltimos a\u00f1os, y se estima que actualmente afecta al 10-30% de la poblaci\u00f3n. La rinitis al\u00e9rgica es un proceso inflamatorio de las v\u00edas respiratorias altas, caracterizada por prurito nasal, estornudos, rinorrea y obstrucci\u00f3n nasal. Los s\u00edntomas se producen [&hellip;]\" \/>\n<meta property=\"og:url\" content=\"https:\/\/farmaquimicasur.com\/especial-rinitis-alergica\/\" \/>\n<meta property=\"og:site_name\" content=\"FarmaQu\u00edmicaSur - FQS\" \/>\n<meta property=\"article:published_time\" content=\"2021-04-14T08:52:52+00:00\" \/>\n<meta property=\"article:modified_time\" content=\"2025-03-04T16:14:16+00:00\" \/>\n<meta property=\"og:image\" content=\"https:\/\/farmaquimicasur.com\/wp-content\/uploads\/2021\/04\/Rinitis.jpg\" \/>\n\t<meta property=\"og:image:width\" content=\"796\" \/>\n\t<meta property=\"og:image:height\" content=\"418\" \/>\n\t<meta property=\"og:image:type\" content=\"image\/jpeg\" \/>\n<meta name=\"author\" content=\"Bel\u00e9n Prats\" \/>\n<meta name=\"twitter:card\" content=\"summary_large_image\" \/>\n<meta name=\"twitter:label1\" content=\"Written by\" \/>\n\t<meta name=\"twitter:data1\" content=\"Bel\u00e9n Prats\" \/>\n\t<meta name=\"twitter:label2\" content=\"Est. reading time\" \/>\n\t<meta name=\"twitter:data2\" content=\"2 minutes\" \/>\n<script type=\"application\/ld+json\" class=\"yoast-schema-graph\">{\"@context\":\"https:\/\/schema.org\",\"@graph\":[{\"@type\":\"WebPage\",\"@id\":\"https:\/\/farmaquimicasur.com\/especial-rinitis-alergica\/\",\"url\":\"https:\/\/farmaquimicasur.com\/especial-rinitis-alergica\/\",\"name\":\"Especial rinitis al\u00e9rgica - FarmaQu\u00edmicaSur - FQS\",\"isPartOf\":{\"@id\":\"https:\/\/farmaquimicasur.com\/#website\"},\"primaryImageOfPage\":{\"@id\":\"https:\/\/farmaquimicasur.com\/especial-rinitis-alergica\/#primaryimage\"},\"image\":{\"@id\":\"https:\/\/farmaquimicasur.com\/especial-rinitis-alergica\/#primaryimage\"},\"thumbnailUrl\":\"https:\/\/farmaquimicasur.com\/wp-content\/uploads\/2021\/04\/Rinitis.jpg\",\"datePublished\":\"2021-04-14T08:52:52+00:00\",\"dateModified\":\"2025-03-04T16:14:16+00:00\",\"author\":{\"@id\":\"https:\/\/farmaquimicasur.com\/#\/schema\/person\/b8f5ba0e01e92c3fa4585736eb53f308\"},\"breadcrumb\":{\"@id\":\"https:\/\/farmaquimicasur.com\/especial-rinitis-alergica\/#breadcrumb\"},\"inLanguage\":\"en-US\",\"potentialAction\":[{\"@type\":\"ReadAction\",\"target\":[\"https:\/\/farmaquimicasur.com\/especial-rinitis-alergica\/\"]}]},{\"@type\":\"ImageObject\",\"inLanguage\":\"en-US\",\"@id\":\"https:\/\/farmaquimicasur.com\/especial-rinitis-alergica\/#primaryimage\",\"url\":\"https:\/\/farmaquimicasur.com\/wp-content\/uploads\/2021\/04\/Rinitis.jpg\",\"contentUrl\":\"https:\/\/farmaquimicasur.com\/wp-content\/uploads\/2021\/04\/Rinitis.jpg\",\"width\":796,\"height\":418},{\"@type\":\"BreadcrumbList\",\"@id\":\"https:\/\/farmaquimicasur.com\/especial-rinitis-alergica\/#breadcrumb\",\"itemListElement\":[{\"@type\":\"ListItem\",\"position\":1,\"name\":\"Portada\",\"item\":\"https:\/\/farmaquimicasur.com\/en\/farmaquimica-sur\/\"},{\"@type\":\"ListItem\",\"position\":2,\"name\":\"Especial rinitis al\u00e9rgica\"}]},{\"@type\":\"WebSite\",\"@id\":\"https:\/\/farmaquimicasur.com\/#website\",\"url\":\"https:\/\/farmaquimicasur.com\/\",\"name\":\"FarmaQu\u00edmicaSur - FQS\",\"description\":\"Materias primas para Formulaci\u00f3n\",\"potentialAction\":[{\"@type\":\"SearchAction\",\"target\":{\"@type\":\"EntryPoint\",\"urlTemplate\":\"https:\/\/farmaquimicasur.com\/?s={search_term_string}\"},\"query-input\":{\"@type\":\"PropertyValueSpecification\",\"valueRequired\":true,\"valueName\":\"search_term_string\"}}],\"inLanguage\":\"en-US\"},{\"@type\":\"Person\",\"@id\":\"https:\/\/farmaquimicasur.com\/#\/schema\/person\/b8f5ba0e01e92c3fa4585736eb53f308\",\"name\":\"Bel\u00e9n Prats\",\"image\":{\"@type\":\"ImageObject\",\"inLanguage\":\"en-US\",\"@id\":\"https:\/\/farmaquimicasur.com\/#\/schema\/person\/image\/\",\"url\":\"https:\/\/secure.gravatar.com\/avatar\/fb42e4f8061def828084cb97272eec54?s=96&d=mm&r=g\",\"contentUrl\":\"https:\/\/secure.gravatar.com\/avatar\/fb42e4f8061def828084cb97272eec54?s=96&d=mm&r=g\",\"caption\":\"Bel\u00e9n Prats\"}}]}<\/script>\n<!-- \/ Yoast SEO plugin. -->","yoast_head_json":{"title":"Especial rinitis al\u00e9rgica - FarmaQu\u00edmicaSur - FQS","robots":{"index":"index","follow":"follow","max-snippet":"max-snippet:-1","max-image-preview":"max-image-preview:large","max-video-preview":"max-video-preview:-1"},"canonical":"https:\/\/farmaquimicasur.com\/especial-rinitis-alergica\/","og_locale":"en_US","og_type":"article","og_title":"Especial rinitis al\u00e9rgica - FarmaQu\u00edmicaSur - FQS","og_description":"\u00a0 \u00a0 \u00bfQu\u00e9 es? Este tipo de alergia ha experimentado un incremento en su prevalencia en los \u00faltimos a\u00f1os, y se estima que actualmente afecta al 10-30% de la poblaci\u00f3n. La rinitis al\u00e9rgica es un proceso inflamatorio de las v\u00edas respiratorias altas, caracterizada por prurito nasal, estornudos, rinorrea y obstrucci\u00f3n nasal. Los s\u00edntomas se producen [&hellip;]","og_url":"https:\/\/farmaquimicasur.com\/especial-rinitis-alergica\/","og_site_name":"FarmaQu\u00edmicaSur - FQS","article_published_time":"2021-04-14T08:52:52+00:00","article_modified_time":"2025-03-04T16:14:16+00:00","og_image":[{"width":796,"height":418,"url":"https:\/\/farmaquimicasur.com\/wp-content\/uploads\/2021\/04\/Rinitis.jpg","type":"image\/jpeg"}],"author":"Bel\u00e9n Prats","twitter_card":"summary_large_image","twitter_misc":{"Written by":"Bel\u00e9n Prats","Est. reading time":"2 minutes"},"schema":{"@context":"https:\/\/schema.org","@graph":[{"@type":"WebPage","@id":"https:\/\/farmaquimicasur.com\/especial-rinitis-alergica\/","url":"https:\/\/farmaquimicasur.com\/especial-rinitis-alergica\/","name":"Especial rinitis al\u00e9rgica - FarmaQu\u00edmicaSur - FQS","isPartOf":{"@id":"https:\/\/farmaquimicasur.com\/#website"},"primaryImageOfPage":{"@id":"https:\/\/farmaquimicasur.com\/especial-rinitis-alergica\/#primaryimage"},"image":{"@id":"https:\/\/farmaquimicasur.com\/especial-rinitis-alergica\/#primaryimage"},"thumbnailUrl":"https:\/\/farmaquimicasur.com\/wp-content\/uploads\/2021\/04\/Rinitis.jpg","datePublished":"2021-04-14T08:52:52+00:00","dateModified":"2025-03-04T16:14:16+00:00","author":{"@id":"https:\/\/farmaquimicasur.com\/#\/schema\/person\/b8f5ba0e01e92c3fa4585736eb53f308"},"breadcrumb":{"@id":"https:\/\/farmaquimicasur.com\/especial-rinitis-alergica\/#breadcrumb"},"inLanguage":"en-US","potentialAction":[{"@type":"ReadAction","target":["https:\/\/farmaquimicasur.com\/especial-rinitis-alergica\/"]}]},{"@type":"ImageObject","inLanguage":"en-US","@id":"https:\/\/farmaquimicasur.com\/especial-rinitis-alergica\/#primaryimage","url":"https:\/\/farmaquimicasur.com\/wp-content\/uploads\/2021\/04\/Rinitis.jpg","contentUrl":"https:\/\/farmaquimicasur.com\/wp-content\/uploads\/2021\/04\/Rinitis.jpg","width":796,"height":418},{"@type":"BreadcrumbList","@id":"https:\/\/farmaquimicasur.com\/especial-rinitis-alergica\/#breadcrumb","itemListElement":[{"@type":"ListItem","position":1,"name":"Portada","item":"https:\/\/farmaquimicasur.com\/en\/farmaquimica-sur\/"},{"@type":"ListItem","position":2,"name":"Especial rinitis al\u00e9rgica"}]},{"@type":"WebSite","@id":"https:\/\/farmaquimicasur.com\/#website","url":"https:\/\/farmaquimicasur.com\/","name":"FarmaQu\u00edmicaSur - FQS","description":"Materias primas para Formulaci\u00f3n","potentialAction":[{"@type":"SearchAction","target":{"@type":"EntryPoint","urlTemplate":"https:\/\/farmaquimicasur.com\/?s={search_term_string}"},"query-input":{"@type":"PropertyValueSpecification","valueRequired":true,"valueName":"search_term_string"}}],"inLanguage":"en-US"},{"@type":"Person","@id":"https:\/\/farmaquimicasur.com\/#\/schema\/person\/b8f5ba0e01e92c3fa4585736eb53f308","name":"Bel\u00e9n Prats","image":{"@type":"ImageObject","inLanguage":"en-US","@id":"https:\/\/farmaquimicasur.com\/#\/schema\/person\/image\/","url":"https:\/\/secure.gravatar.com\/avatar\/fb42e4f8061def828084cb97272eec54?s=96&d=mm&r=g","contentUrl":"https:\/\/secure.gravatar.com\/avatar\/fb42e4f8061def828084cb97272eec54?s=96&d=mm&r=g","caption":"Bel\u00e9n Prats"}}]}},"_links":{"self":[{"href":"https:\/\/farmaquimicasur.com\/en\/wp-json\/wp\/v2\/posts\/2976","targetHints":{"allow":["GET"]}}],"collection":[{"href":"https:\/\/farmaquimicasur.com\/en\/wp-json\/wp\/v2\/posts"}],"about":[{"href":"https:\/\/farmaquimicasur.com\/en\/wp-json\/wp\/v2\/types\/post"}],"author":[{"embeddable":true,"href":"https:\/\/farmaquimicasur.com\/en\/wp-json\/wp\/v2\/users\/8"}],"replies":[{"embeddable":true,"href":"https:\/\/farmaquimicasur.com\/en\/wp-json\/wp\/v2\/comments?post=2976"}],"version-history":[{"count":44,"href":"https:\/\/farmaquimicasur.com\/en\/wp-json\/wp\/v2\/posts\/2976\/revisions"}],"predecessor-version":[{"id":9881,"href":"https:\/\/farmaquimicasur.com\/en\/wp-json\/wp\/v2\/posts\/2976\/revisions\/9881"}],"wp:featuredmedia":[{"embeddable":true,"href":"https:\/\/farmaquimicasur.com\/en\/wp-json\/wp\/v2\/media\/2995"}],"wp:attachment":[{"href":"https:\/\/farmaquimicasur.com\/en\/wp-json\/wp\/v2\/media?parent=2976"}],"wp:term":[{"taxonomy":"category","embeddable":true,"href":"https:\/\/farmaquimicasur.com\/en\/wp-json\/wp\/v2\/categories?post=2976"},{"taxonomy":"post_tag","embeddable":true,"href":"https:\/\/farmaquimicasur.com\/en\/wp-json\/wp\/v2\/tags?post=2976"}],"curies":[{"name":"wp","href":"https:\/\/api.w.org\/{rel}","templated":true}]}}